

{"id":2600,"date":"2019-07-18T14:26:18","date_gmt":"2019-07-18T12:26:18","guid":{"rendered":"https:\/\/lirima.inria.fr\/?p=2600"},"modified":"2020-07-16T11:25:47","modified_gmt":"2020-07-16T09:25:47","slug":"programme-equipes-associees-2020","status":"publish","type":"post","link":"https:\/\/lirima.inria.fr\/fr\/programme-equipes-associees-2020\/","title":{"rendered":"Programme Equipes Associ\u00e9es 2020: l&rsquo;appel \u00e0 propositions est ouvert !"},"content":{"rendered":"<p><a href=\"https:\/\/lirima.inria.fr\/files\/2017\/06\/map-monde-vignette.jpg\"><img loading=\"lazy\" decoding=\"async\" class=\" wp-image-1905 alignleft\" src=\"https:\/\/lirima.inria.fr\/files\/2017\/06\/map-monde-vignette.jpg\" alt=\"\" width=\"194\" height=\"146\" \/><\/a><\/p>\n<p>Nous avons le plaisir de vous informer du lancement de la campagne Equipes Associ\u00e9es 2020.<\/p>\n<p>L&rsquo;int\u00e9gralit\u00e9 du texte de l&rsquo;appel 2020 se trouve sur le site web externe Inria :<br \/>\n<a href=\"http:\/\/www.inria.fr\/recherches\/mobilite-internationale\/equipes-associees\/appel-a-projets\">http:\/\/www.inria.fr\/recherches\/mobilite-internationale\/equipes-associees\/appel-a-projets<\/a><\/p>\n<p>Les propositions d&rsquo;\u00e9quipes associ\u00e9es doivent \u00eatre d\u00e9pos\u00e9es par les porteurs Inria \u00e0 l&rsquo;adresse suivante :\u00a0<a href=\"https:\/\/drisi.inria.fr\/eaEquipeAssociee\/new\">https:\/\/drisi.inria.fr\/eaEquipeAssociee\/new<\/a><\/p>\n<p><strong>Calendrier de l\u2019appel<\/strong> :<\/p>\n<ul>\n<li>9 Octobre 2019 : date limite de soumission des dossiers (fermeture de la plateforme \u00e0 23h59, heure en France)<\/li>\n<li>Octobre \u2013 d\u00e9cembre 2019 :\u00a0s\u00e9lection des propositions retenues<\/li>\n<li>31 Janvier 2020 : attribution des co-financements DPEI et diffusion de la s\u00e9lection finale<\/li>\n<\/ul>\n<p>Les \u00e9quipes associ\u00e9es avec l&rsquo;Afrique sont rattach\u00e9es au LIRIMA (<a href=\"http:\/\/lirima.inria.fr\/fr\/\">www.lirima.inria.fr<\/a>) et la demande devra \u00eatre transmise en parall\u00e8le aupr\u00e8s de l&rsquo;institution africaine partenaire.<\/p>\n<p>Si vous avez le projet de soumettre une proposition merci d&rsquo;en avertir la directrice et \u00a0le directeur du LIRIMA (<a href=\"mailto:amelbentba@gmail.com\">Amel Ben Abda<\/a> et <a href=\"mailto:eric.badouel@inria.fr\">Eric Badouel<\/a>). Ils vous transmettront en retour un guide pour la pr\u00e9paration de votre proposition ainsi qu&rsquo;une lettre d&rsquo;accompagnement qui sera \u00e0 joindre \u00e0 la copie de ce dossier transmise \u00e0 l&rsquo;institution partenaire en Afrique.<\/p>\n<p>Par ailleurs, une copie de votre dossier devra \u00e9galement \u00eatre transmise aux directeurs du LIRIMA avant de le soumettre sur le site Inria, et si possible avec un d\u00e9lai suffisant pour pouvoir b\u00e9n\u00e9ficier d&rsquo;un \u00e9ventuel retour.<\/p>","protected":false},"excerpt":{"rendered":"<p>Nous avons le plaisir de vous informer du lancement de la campagne Equipes Associ\u00e9es 2020. L&rsquo;int\u00e9gralit\u00e9 du texte de l&rsquo;appel 2020 se trouve sur le site web externe Inria : http:\/\/www.inria.fr\/recherches\/mobilite-internationale\/equipes-associees\/appel-a-projets Les propositions d&rsquo;\u00e9quipes associ\u00e9es doivent \u00eatre d\u00e9pos\u00e9es par les\u2026<\/p>\n<p> <a class=\"continue-reading-link\" href=\"https:\/\/lirima.inria.fr\/fr\/programme-equipes-associees-2020\/\"><span>Continue reading<\/span><i class=\"crycon-right-dir\"><\/i><\/a> <\/p>\n","protected":false},"author":309,"featured_media":1905,"comment_status":"closed","ping_status":"closed","sticky":false,"template":"","format":"standard","meta":{"footnotes":""},"categories":[9],"tags":[],"class_list":["post-2600","post","type-post","status-publish","format-standard","has-post-thumbnail","hentry","category-news"],"_links":{"self":[{"href":"https:\/\/lirima.inria.fr\/fr\/wp-json\/wp\/v2\/posts\/2600","targetHints":{"allow":["GET"]}}],"collection":[{"href":"https:\/\/lirima.inria.fr\/fr\/wp-json\/wp\/v2\/posts"}],"about":[{"href":"https:\/\/lirima.inria.fr\/fr\/wp-json\/wp\/v2\/types\/post"}],"author":[{"embeddable":true,"href":"https:\/\/lirima.inria.fr\/fr\/wp-json\/wp\/v2\/users\/309"}],"replies":[{"embeddable":true,"href":"https:\/\/lirima.inria.fr\/fr\/wp-json\/wp\/v2\/comments?post=2600"}],"version-history":[{"count":3,"href":"https:\/\/lirima.inria.fr\/fr\/wp-json\/wp\/v2\/posts\/2600\/revisions"}],"predecessor-version":[{"id":2946,"href":"https:\/\/lirima.inria.fr\/fr\/wp-json\/wp\/v2\/posts\/2600\/revisions\/2946"}],"wp:featuredmedia":[{"embeddable":true,"href":"https:\/\/lirima.inria.fr\/fr\/wp-json\/wp\/v2\/media\/1905"}],"wp:attachment":[{"href":"https:\/\/lirima.inria.fr\/fr\/wp-json\/wp\/v2\/media?parent=2600"}],"wp:term":[{"taxonomy":"category","embeddable":true,"href":"https:\/\/lirima.inria.fr\/fr\/wp-json\/wp\/v2\/categories?post=2600"},{"taxonomy":"post_tag","embeddable":true,"href":"https:\/\/lirima.inria.fr\/fr\/wp-json\/wp\/v2\/tags?post=2600"}],"curies":[{"name":"wp","href":"https:\/\/api.w.org\/{rel}","templated":true}]}}